{"id":6396,"date":"2026-04-28T15:48:45","date_gmt":"2026-04-28T15:48:45","guid":{"rendered":"https:\/\/coprocier.org.ar\/web\/?p=6396"},"modified":"2026-04-28T15:48:47","modified_gmt":"2026-04-28T15:48:47","slug":"coprocier-en-la-feria-binacional-de-la-industria-en-colon","status":"publish","type":"post","link":"https:\/\/coprocier.org.ar\/web\/coprocier-en-la-feria-binacional-de-la-industria-en-colon\/","title":{"rendered":"COPROCIER, en la Feria Binacional de la Industria en Col\u00f3n"},"content":{"rendered":"\n<p>Este 23 y 24 de abril se lleva adelante en Col\u00f3n, la V Feria Binacional de la Industria un espacio clave de integraci\u00f3n regional, que re\u00faniendo a empresas, instituciones y entidades acad\u00e9micas y educativas de Argentina, Uruguay y Brasil en torno a la innovaci\u00f3n, la producci\u00f3n y el empleo.<\/p>\n\n\n\n<p>COPROCIER est\u00e1 participando de este importante evento, con un stand propio en el predio ferial. Este viernes, el presidente Walter El\u00edas dio una charla sobre \u201cLa inform\u00e1tica aplicada como salida laboral. Perspectivas futuras\u201d.<\/p>\n\n\n\n<p>Por otra parte, el presidente del Colegio mantuvo una reuni\u00f3n con docentes y directivos de la Facultad de Ciencia y Tecnolog\u00eda sede Concepci\u00f3n del Uruguay (UADER), con quienes se abord\u00f3 la posibilidad de desarrollar acciones conjuntas, favorecer la difusi\u00f3n de las carreras de posgrado, propiciar visita de los estudiantes al MiradorTEC (donde COPROCIER tiene su sede), as\u00ed como la organizaci\u00f3n de charlas del Colegio en la Facultad.<\/p>\n\n\n\n<p>Agradecemos al colega matriculado Alejandro Poeti, quien acompa\u00f1\u00f3 la jornada de este viernes.<\/p>\n\n\n\n<figure class=\"wp-block-gallery has-nested-images columns-default is-cropped wp-block-gallery-1 is-layout-flex wp-block-gallery-is-layout-flex\">\n<figure class=\"wp-block-image size-large\"><img loading=\"lazy\" decoding=\"async\" width=\"1024\" height=\"768\" data-id=\"6399\" src=\"https:\/\/coprocier.org.ar\/web\/wp-content\/uploads\/2026\/04\/1-1-1024x768.jpg\" alt=\"\" class=\"wp-image-6399\" srcset=\"https:\/\/coprocier.org.ar\/web\/wp-content\/uploads\/2026\/04\/1-1-1024x768.jpg 1024w, https:\/\/coprocier.org.ar\/web\/wp-content\/uploads\/2026\/04\/1-1-980x735.jpg 980w, https:\/\/coprocier.org.ar\/web\/wp-content\/uploads\/2026\/04\/1-1-480x360.jpg 480w\" sizes=\"(min-width: 0px) and (max-width: 480px) 480px, (min-width: 481px) and (max-width: 980px) 980px, (min-width: 981px) 1024px, 100vw\" \/><\/figure>\n\n\n\n<figure class=\"wp-block-image size-large\"><img loading=\"lazy\" decoding=\"async\" width=\"972\" height=\"1024\" data-id=\"6398\" src=\"https:\/\/coprocier.org.ar\/web\/wp-content\/uploads\/2026\/04\/2-972x1024.jpg\" alt=\"\" class=\"wp-image-6398\"\/><\/figure>\n\n\n\n<figure class=\"wp-block-image size-large\"><img loading=\"lazy\" decoding=\"async\" width=\"1024\" height=\"712\" data-id=\"6401\" src=\"https:\/\/coprocier.org.ar\/web\/wp-content\/uploads\/2026\/04\/3-1024x712.jpg\" alt=\"\" class=\"wp-image-6401\" srcset=\"https:\/\/coprocier.org.ar\/web\/wp-content\/uploads\/2026\/04\/3-980x681.jpg 980w, https:\/\/coprocier.org.ar\/web\/wp-content\/uploads\/2026\/04\/3-480x334.jpg 480w\" sizes=\"(min-width: 0px) and (max-width: 480px) 480px, (min-width: 481px) and (max-width: 980px) 980px, (min-width: 981px) 1024px, 100vw\" \/><\/figure>\n\n\n\n<figure class=\"wp-block-image size-large\"><img loading=\"lazy\" decoding=\"async\" width=\"1024\" height=\"936\" data-id=\"6400\" src=\"https:\/\/coprocier.org.ar\/web\/wp-content\/uploads\/2026\/04\/4-1024x936.jpg\" alt=\"\" class=\"wp-image-6400\" srcset=\"https:\/\/coprocier.org.ar\/web\/wp-content\/uploads\/2026\/04\/4-980x896.jpg 980w, https:\/\/coprocier.org.ar\/web\/wp-content\/uploads\/2026\/04\/4-480x439.jpg 480w\" sizes=\"(min-width: 0px) and (max-width: 480px) 480px, (min-width: 481px) and (max-width: 980px) 980px, (min-width: 981px) 1024px, 100vw\" \/><\/figure>\n\n\n\n<figure class=\"wp-block-image size-large\"><img loading=\"lazy\" decoding=\"async\" width=\"743\" height=\"1024\" data-id=\"6402\" src=\"https:\/\/coprocier.org.ar\/web\/wp-content\/uploads\/2026\/04\/5-743x1024.jpg\" alt=\"\" class=\"wp-image-6402\" srcset=\"https:\/\/coprocier.org.ar\/web\/wp-content\/uploads\/2026\/04\/5-743x1024.jpg 743w, https:\/\/coprocier.org.ar\/web\/wp-content\/uploads\/2026\/04\/5-480x662.jpg 480w\" sizes=\"(min-width: 0px) and (max-width: 480px) 480px, (min-width: 481px) 743px, 100vw\" \/><\/figure>\n<\/figure>\n","protected":false},"excerpt":{"rendered":"<p>Este 23 y 24 de abril se lleva adelante en Col\u00f3n, la V Feria Binacional de la Industria un espacio clave de integraci\u00f3n regional, que re\u00faniendo a empresas, instituciones y entidades acad\u00e9micas y educativas de Argentina, Uruguay y Brasil en torno a la innovaci\u00f3n, la producci\u00f3n y el empleo. COPROCIER est\u00e1 participando de este importante [&hellip;]<\/p>\n","protected":false},"author":2,"featured_media":6399,"comment_status":"closed","ping_status":"closed","sticky":false,"template":"","format":"standard","meta":{"_et_pb_use_builder":"off","_et_pb_old_content":"","_et_gb_content_width":"","footnotes":""},"categories":[1],"tags":[],"class_list":["post-6396","post","type-post","status-publish","format-standard","has-post-thumbnail","hentry","category-novedades"],"_links":{"self":[{"href":"https:\/\/coprocier.org.ar\/web\/wp-json\/wp\/v2\/posts\/6396","targetHints":{"allow":["GET"]}}],"collection":[{"href":"https:\/\/coprocier.org.ar\/web\/wp-json\/wp\/v2\/posts"}],"about":[{"href":"https:\/\/coprocier.org.ar\/web\/wp-json\/wp\/v2\/types\/post"}],"author":[{"embeddable":true,"href":"https:\/\/coprocier.org.ar\/web\/wp-json\/wp\/v2\/users\/2"}],"replies":[{"embeddable":true,"href":"https:\/\/coprocier.org.ar\/web\/wp-json\/wp\/v2\/comments?post=6396"}],"version-history":[{"count":1,"href":"https:\/\/coprocier.org.ar\/web\/wp-json\/wp\/v2\/posts\/6396\/revisions"}],"predecessor-version":[{"id":6403,"href":"https:\/\/coprocier.org.ar\/web\/wp-json\/wp\/v2\/posts\/6396\/revisions\/6403"}],"wp:featuredmedia":[{"embeddable":true,"href":"https:\/\/coprocier.org.ar\/web\/wp-json\/wp\/v2\/media\/6399"}],"wp:attachment":[{"href":"https:\/\/coprocier.org.ar\/web\/wp-json\/wp\/v2\/media?parent=6396"}],"wp:term":[{"taxonomy":"category","embeddable":true,"href":"https:\/\/coprocier.org.ar\/web\/wp-json\/wp\/v2\/categories?post=6396"},{"taxonomy":"post_tag","embeddable":true,"href":"https:\/\/coprocier.org.ar\/web\/wp-json\/wp\/v2\/tags?post=6396"}],"curies":[{"name":"wp","href":"https:\/\/api.w.org\/{rel}","templated":true}]}}