{"id":6505,"date":"2026-09-01T17:18:48","date_gmt":"2026-09-01T17:18:48","guid":{"rendered":"https:\/\/coprocier.org.ar\/web\/?p=6505"},"modified":"2026-09-01T17:18:51","modified_gmt":"2026-09-01T17:18:51","slug":"se-reunio-el-directorio-de-coprocier-2","status":"publish","type":"post","link":"https:\/\/coprocier.org.ar\/web\/se-reunio-el-directorio-de-coprocier-2\/","title":{"rendered":"Se reuni\u00f3 el Directorio de COPROCIER"},"content":{"rendered":"\n<p>El Directorio de COPROCIER realiz\u00f3 el jueves 27 de agosto su reuni\u00f3n mensual, en la sala de reuniones de MiradorTec, donde el Colegio tiene su sede. Como en otras oportunidades, la reuni\u00f3n tuvo modalidad h\u00edbrida, lo que permiti\u00f3 a algunos colegas participar de modo online.<\/p>\n\n\n\n<p>Se trataron diversos asuntos de relevancia administrativa, organizativa y de funcionamiento, propios de la vida institucional del Colegio. Tambi\u00e9n hubo un momento para evaluar lo actuado, hacer un balance de la Asamblea Anual y avanzar en los proyectos que est\u00e1n en curso.<\/p>\n\n\n\n<p>Recordamos que las reuniones de Directorio son abiertas a todos los matriculados, quienes pueden participar y sumar propuestas e inquietudes. <\/p>\n\n\n\n<p><\/p>\n\n\n\n<p><\/p>\n","protected":false},"excerpt":{"rendered":"<p>El Directorio de COPROCIER realiz\u00f3 el jueves 27 de agosto su reuni\u00f3n mensual, en la sala de reuniones de MiradorTec, donde el Colegio tiene su sede. Como en otras oportunidades, la reuni\u00f3n tuvo modalidad h\u00edbrida, lo que permiti\u00f3 a algunos colegas participar de modo online. Se trataron diversos asuntos de relevancia administrativa, organizativa y de [&hellip;]<\/p>\n","protected":false},"author":2,"featured_media":6506,"comment_status":"closed","ping_status":"closed","sticky":false,"template":"","format":"standard","meta":{"_et_pb_use_builder":"off","_et_pb_old_content":"","_et_gb_content_width":"","footnotes":""},"categories":[1],"tags":[],"class_list":["post-6505","post","type-post","status-publish","format-standard","has-post-thumbnail","hentry","category-novedades"],"_links":{"self":[{"href":"https:\/\/coprocier.org.ar\/web\/wp-json\/wp\/v2\/posts\/6505","targetHints":{"allow":["GET"]}}],"collection":[{"href":"https:\/\/coprocier.org.ar\/web\/wp-json\/wp\/v2\/posts"}],"about":[{"href":"https:\/\/coprocier.org.ar\/web\/wp-json\/wp\/v2\/types\/post"}],"author":[{"embeddable":true,"href":"https:\/\/coprocier.org.ar\/web\/wp-json\/wp\/v2\/users\/2"}],"replies":[{"embeddable":true,"href":"https:\/\/coprocier.org.ar\/web\/wp-json\/wp\/v2\/comments?post=6505"}],"version-history":[{"count":1,"href":"https:\/\/coprocier.org.ar\/web\/wp-json\/wp\/v2\/posts\/6505\/revisions"}],"predecessor-version":[{"id":6507,"href":"https:\/\/coprocier.org.ar\/web\/wp-json\/wp\/v2\/posts\/6505\/revisions\/6507"}],"wp:featuredmedia":[{"embeddable":true,"href":"https:\/\/coprocier.org.ar\/web\/wp-json\/wp\/v2\/media\/6506"}],"wp:attachment":[{"href":"https:\/\/coprocier.org.ar\/web\/wp-json\/wp\/v2\/media?parent=6505"}],"wp:term":[{"taxonomy":"category","embeddable":true,"href":"https:\/\/coprocier.org.ar\/web\/wp-json\/wp\/v2\/categories?post=6505"},{"taxonomy":"post_tag","embeddable":true,"href":"https:\/\/coprocier.org.ar\/web\/wp-json\/wp\/v2\/tags?post=6505"}],"curies":[{"name":"wp","href":"https:\/\/api.w.org\/{rel}","templated":true}]}}