{"id":6508,"date":"2026-09-01T17:30:03","date_gmt":"2026-09-01T17:30:03","guid":{"rendered":"https:\/\/coprocier.org.ar\/web\/?p=6508"},"modified":"2026-09-01T17:30:05","modified_gmt":"2026-09-01T17:30:05","slug":"coprocier-se-reunio-con-concejales-por-el-proyecto-de-creacion-del-servicio-municipal-de-alfabetizacion-digital","status":"publish","type":"post","link":"https:\/\/coprocier.org.ar\/web\/coprocier-se-reunio-con-concejales-por-el-proyecto-de-creacion-del-servicio-municipal-de-alfabetizacion-digital\/","title":{"rendered":"COPROCIER se reuni\u00f3 con concejales por el proyecto de creaci\u00f3n del Servicio Municipal de Alfabetizaci\u00f3n Digital"},"content":{"rendered":"\n<p>El Colegio de Profesionales de Ciencias Inform\u00e1ticas de Entre R\u00edos (COPROCIER) mantuvo una reuni\u00f3n con los concejales Luisina Minni y Emiliano G\u00f3mez Tutau, autores del proyecto de ordenanza que propone la creaci\u00f3n del Servicio Municipal de Alfabetizaci\u00f3n Digital en la ciudad de Paran\u00e1. <\/p>\n\n\n\n<p>Del encuentro, que permiti\u00f3 conocer detalles y alcances del proyecto, participaron el presidente del Colegio, Walter El\u00edas, junto a las colegas Mar\u00eda Gab\u00e1s y Martina Fern\u00e1ndez.<\/p>\n\n\n\n<p>La iniciativa presentada al Concejo Deliberante de la ciudad, tiene por objetivo reducir la denominada brecha digital y promover que todos los ciudadanos puedan acceder y utilizar las plataformas y herramientas tecnol\u00f3gicas que el Estado Municipal incorpora para la realizaci\u00f3n de diversos tr\u00e1mites y servicios p\u00fablicos.<\/p>\n\n\n\n<p>En ese sentido, se valora como un avance significativo en t\u00e9rminos de eficiencia administrativa la digitalizaci\u00f3n de los servicios p\u00fablicos, pero este proceso supone el desaf\u00edo adicional de garantizar que ning\u00fan vecino quede excluido del ejercicio de sus derechos por carecer de conocimientos tecnol\u00f3gicos.<\/p>\n\n\n\n<p>Con ese fin, propone la creaci\u00f3n del Servicio Municipal de Alfabetizaci\u00f3n Digital, pensado para acompa\u00f1ar a los vecinos, especialmente a quienes presentan mayores dificultades para desenvolverse en el entorno digital, como personas mayores, ciudadanos con escasa alfabetizaci\u00f3n tecnol\u00f3gica o en situaci\u00f3n de vulnerabilidad social.<\/p>\n\n\n\n<p>Seg\u00fan explicaron los concejales, la idea de este servicio no es s\u00f3lo asistir a los vecinos en la realizaci\u00f3n de tr\u00e1mites, sino fundamentalmente transferir conocimientos que les permitan adquirir autonom\u00eda en el uso de herramientas digitales. La propuesta incorpora adem\u00e1s contenidos vinculados con la prevenci\u00f3n de estafas, el uso seguro de billeteras virtuales, elaboraci\u00f3n de curr\u00edculums digitales, entre otros.<\/p>\n\n\n\n<p><\/p>\n\n\n\n<figure class=\"wp-block-gallery has-nested-images columns-default is-cropped wp-block-gallery-1 is-layout-flex wp-block-gallery-is-layout-flex\">\n<figure class=\"wp-block-image size-large\"><img loading=\"lazy\" decoding=\"async\" width=\"1024\" height=\"777\" data-id=\"6509\" src=\"https:\/\/coprocier.org.ar\/web\/wp-content\/uploads\/2026\/09\/conconceajles-1024x777.jpg\" alt=\"\" class=\"wp-image-6509\" srcset=\"https:\/\/coprocier.org.ar\/web\/wp-content\/uploads\/2026\/09\/conconceajles-980x743.jpg 980w, https:\/\/coprocier.org.ar\/web\/wp-content\/uploads\/2026\/09\/conconceajles-480x364.jpg 480w\" sizes=\"(min-width: 0px) and (max-width: 480px) 480px, (min-width: 481px) and (max-width: 980px) 980px, (min-width: 981px) 1024px, 100vw\" \/><\/figure>\n\n\n\n<figure class=\"wp-block-image size-large\"><img loading=\"lazy\" decoding=\"async\" width=\"1024\" height=\"768\" data-id=\"6510\" src=\"https:\/\/coprocier.org.ar\/web\/wp-content\/uploads\/2026\/09\/conconcejales-2-1024x768.jpg\" alt=\"\" class=\"wp-image-6510\" srcset=\"https:\/\/coprocier.org.ar\/web\/wp-content\/uploads\/2026\/09\/conconcejales-2-980x735.jpg 980w, https:\/\/coprocier.org.ar\/web\/wp-content\/uploads\/2026\/09\/conconcejales-2-480x360.jpg 480w\" sizes=\"(min-width: 0px) and (max-width: 480px) 480px, (min-width: 481px) and (max-width: 980px) 980px, (min-width: 981px) 1024px, 100vw\" \/><\/figure>\n\n\n\n<figure class=\"wp-block-image size-large\"><img loading=\"lazy\" decoding=\"async\" width=\"1024\" height=\"768\" data-id=\"6511\" src=\"https:\/\/coprocier.org.ar\/web\/wp-content\/uploads\/2026\/09\/conconcejales-3-1024x768.jpg\" alt=\"\" class=\"wp-image-6511\" srcset=\"https:\/\/coprocier.org.ar\/web\/wp-content\/uploads\/2026\/09\/conconcejales-3-980x735.jpg 980w, https:\/\/coprocier.org.ar\/web\/wp-content\/uploads\/2026\/09\/conconcejales-3-480x360.jpg 480w\" sizes=\"(min-width: 0px) and (max-width: 480px) 480px, (min-width: 481px) and (max-width: 980px) 980px, (min-width: 981px) 1024px, 100vw\" \/><\/figure>\n<\/figure>\n","protected":false},"excerpt":{"rendered":"<p>El Colegio de Profesionales de Ciencias Inform\u00e1ticas de Entre R\u00edos (COPROCIER) mantuvo una reuni\u00f3n con los concejales Luisina Minni y Emiliano G\u00f3mez Tutau, autores del proyecto de ordenanza que propone la creaci\u00f3n del Servicio Municipal de Alfabetizaci\u00f3n Digital en la ciudad de Paran\u00e1. Del encuentro, que permiti\u00f3 conocer detalles y alcances del proyecto, participaron el [&hellip;]<\/p>\n","protected":false},"author":2,"featured_media":6509,"comment_status":"closed","ping_status":"closed","sticky":false,"template":"","format":"standard","meta":{"_et_pb_use_builder":"off","_et_pb_old_content":"","_et_gb_content_width":"","footnotes":""},"categories":[1],"tags":[],"class_list":["post-6508","post","type-post","status-publish","format-standard","has-post-thumbnail","hentry","category-novedades"],"_links":{"self":[{"href":"https:\/\/coprocier.org.ar\/web\/wp-json\/wp\/v2\/posts\/6508","targetHints":{"allow":["GET"]}}],"collection":[{"href":"https:\/\/coprocier.org.ar\/web\/wp-json\/wp\/v2\/posts"}],"about":[{"href":"https:\/\/coprocier.org.ar\/web\/wp-json\/wp\/v2\/types\/post"}],"author":[{"embeddable":true,"href":"https:\/\/coprocier.org.ar\/web\/wp-json\/wp\/v2\/users\/2"}],"replies":[{"embeddable":true,"href":"https:\/\/coprocier.org.ar\/web\/wp-json\/wp\/v2\/comments?post=6508"}],"version-history":[{"count":1,"href":"https:\/\/coprocier.org.ar\/web\/wp-json\/wp\/v2\/posts\/6508\/revisions"}],"predecessor-version":[{"id":6512,"href":"https:\/\/coprocier.org.ar\/web\/wp-json\/wp\/v2\/posts\/6508\/revisions\/6512"}],"wp:featuredmedia":[{"embeddable":true,"href":"https:\/\/coprocier.org.ar\/web\/wp-json\/wp\/v2\/media\/6509"}],"wp:attachment":[{"href":"https:\/\/coprocier.org.ar\/web\/wp-json\/wp\/v2\/media?parent=6508"}],"wp:term":[{"taxonomy":"category","embeddable":true,"href":"https:\/\/coprocier.org.ar\/web\/wp-json\/wp\/v2\/categories?post=6508"},{"taxonomy":"post_tag","embeddable":true,"href":"https:\/\/coprocier.org.ar\/web\/wp-json\/wp\/v2\/tags?post=6508"}],"curies":[{"name":"wp","href":"https:\/\/api.w.org\/{rel}","templated":true}]}}